{"id":1196,"date":"2020-09-30T11:31:05","date_gmt":"2020-09-30T16:31:05","guid":{"rendered":"http:\/\/sinergiainteligente.com\/publicaciones\/?p=1196"},"modified":"2020-09-30T11:31:05","modified_gmt":"2020-09-30T16:31:05","slug":"y-los-derechos-en-el-paquete-economico-2021","status":"publish","type":"post","link":"https:\/\/sinergiainteligente.com\/publicaciones\/2020\/09\/30\/y-los-derechos-en-el-paquete-economico-2021\/","title":{"rendered":"\u00bfY los Derechos en el Paquete Econ\u00f3mico 2021?"},"content":{"rendered":"<p><img loading=\"lazy\" decoding=\"async\" class=\"size-full wp-image-1086 alignleft\" src=\"http:\/\/sinergiainteligente.com\/publicaciones\/wp-content\/uploads\/2020\/04\/Ramon-Ortega-Diaz.png\" alt=\"\" width=\"152\" height=\"158\" \/>En el Proyecto de Decreto por el que se reforman, adicionan y derogan diversas disposiciones de la Ley Federal de Derechos para 2021, hay varias \u201cnovedades\u201d que son necesarias comentar y analizar dado que no todo son las modificaciones de ISR, IVA, IESPS y C\u00f3digo Fiscal de la Federaci\u00f3n (CFF) dentro del Paquete Econ\u00f3mico 2021.<!--more--><\/p>\n<p>Los <span style=\"font-weight: 600\"><em>Derechos<\/em><\/span> se definen (de acuerdo con el art. 2 del CFF) en <em>\u201ccontribuciones establecidas en Ley por el uso o aprovechamiento de los bienes del dominio p\u00fablico de la Naci\u00f3n, as\u00ed como por recibir servicios que presta el Estado en sus funciones de derecho p\u00fablico\u201d<\/em> o sea, por los servicios que cobra el Estado por alguna actividad (administrativa, por ejemplo) o por la explotaci\u00f3n de alg\u00fan bien p\u00fablico. Ahora bien, entre los cambios que se proponen destacan los siguientes:<\/p>\n<p style=\"padding-left: 30px\"><span style=\"font-weight: 600\">\u2022 Servicios aduaneros:<\/span> se establece el cobro por los derechos que se generen con relaci\u00f3n a las autorizaciones de agencias aduanales y de los mandatarios de las citadas agencias aduanales, as\u00ed como otros servicios vinculados a \u00e9stas; por ejemplo: la expedici\u00f3n de la autorizaci\u00f3n de agencia aduanal por $59,090.69 (Art. 51-VII Propuesta LFD). Tambi\u00e9n una \u201chomologaci\u00f3n\u201d por los servicios de manejo, almacenaje y custodia de mercanc\u00edas de comercio exterior.<br \/>\n<span style=\"font-weight: 600\">\u2022 NOM y Control de calidad:<\/span> derivado de la nueva Ley de Infraestructura de Calidad publicada a mitad del a\u00f1o y por el TMEC, dirigido al etiquetado de productos; se propone el cobro por la recepci\u00f3n y estudio de la solicitud, dictamen y, en su caso, la autorizaci\u00f3n de pr\u00f3rroga de etiquetado por Inexactitud de Datos: 73-H $9,567.65, 73-I $9,303.33 y 73-J $9,799.47.<br \/>\n<span style=\"font-weight: 600\">\u2022 Servicios de certificaci\u00f3n:<\/span> aclaraci\u00f3n debido a la definici\u00f3n de los prestadores de servicios de certificaci\u00f3n en el C\u00f3digo de Comercio (firmas electr\u00f3nicas, certificados digitales).<br \/>\n<span style=\"font-weight: 600\">\u2022 Servicios mar\u00edtimos:<\/span> por la implementaci\u00f3n de las nuevas atribuciones conferidas a la Secretar\u00eda de Marina en materia de servicios mar\u00edtimos, donde se ajusta, por ejemplo, el costo del servicio por la expedici\u00f3n, reposici\u00f3n o modificaci\u00f3n del certificado de matr\u00edcula cuando se trate de ciertas embarcaciones. As\u00ed como otras modificaciones en el pago de derechos por diversos servicios que en la actualidad presta la Secretar\u00eda de Marina y la incorporaci\u00f3n de nuevos cobros.<br \/>\n<span style=\"font-weight: 600\">\u2022 Espectro radioel\u00e9ctrico:<\/span> por la actualizaci\u00f3n del costo de las bandas de 814 a 824 MHz, 824 a 849 MHz, 859 a 869 MHz y 869-894 MHz del espectro radioel\u00e9ctrico para prestar servicios m\u00f3viles, as\u00ed como lo referente a la tecnolog\u00eda 5G y la Banda \u201cC\u201d (de 3300 MHz a 3400 MHz y 3400 MHz a 3600 MHz). Por lo que es posible un incremento en los precios de los servicios de telefon\u00eda e internet m\u00f3viles para el 2021 por un probable traspaso de costos hacia los consumidores.<\/p>\n<p>Sobre este \u00faltimo punto, en la exposici\u00f3n de motivos se\u00f1ala que lo que se busca es que <em>\u201cpermitir\u00e1 reflejar el verdadero valor de dicho bien de dominio p\u00fablico de la Naci\u00f3n de conformidad con las referencias internacionales\u201d<\/em> as\u00ed como menciona: <em>\u201clas cuotas de los derechos que se cobran en M\u00e9xico por estas bandas\u201d<\/em> y <em>\u201cse considera que el esquema de cobro de los derechos de estos segmentos de bandas ha quedado rezagado y no reflejan la pol\u00edtica de cobro por el uso y explotaci\u00f3n del espectro radioel\u00e9ctrico que se ha venido aplicando en los \u00faltimos a\u00f1os, para que sea consistente e integral acorde con los principios de equidad por su uso, goce, explotaci\u00f3n y aprovechamiento de frecuencias, se encuentran por debajo de sus referencias internacionales\u201d<\/em>, buscando que se refleje el correcto cobro en este derecho. Tal situaci\u00f3n podr\u00eda originar un aumento en las tarifas de telefon\u00eda celular e internet; se tendr\u00e1 que evaluar la actualizaci\u00f3n del costo del espectro para su impacto en el precio al consumidor.<\/p>\n<p>L\u00f3gicamente que de la inclusi\u00f3n del 5G debe tener un impacto distinto, porque, de ser muy elevado, podr\u00eda desincentivar a las empresas en telecomunicaciones \u00bfQui\u00e9n ser\u00eda el beneficiado de lo anterior? y \u00bfQui\u00e9nes absorber\u00edan tales costos? Recordemos que el gasto familiar destinado a celulares, tecnolog\u00edas, etc. ha ido aumentando y redireccionando de otros gastos para poder obtener estos servicios tecnol\u00f3gicos, por lo que podr\u00edamos estar ante un derecho de demanda inel\u00e1stica forzosa (si lo quieres, paga). Veremos que opinan los expertos en estos temas de comunicaciones.<\/p>\n<p>Existen otras como derechos por servicios de migraci\u00f3n, no pagos por publicaci\u00f3n del Diario Oficial de la Federaci\u00f3n (DOF), un 30% adicional a la expedici\u00f3n de pasaportes cuando sean de emergencia, servicios forestales (actualizaciones al tema), PROFEPA en temas de certificaci\u00f3n de veh\u00edculos nuevos y el auditor ambiental, reforma integral al tema de \u00e1reas naturales protegidas (marinas e insulares, terrestres, y las restantes), inclusi\u00f3n la zona federal mar\u00edtimo terrestre y los terrenos ganados al mar o a cualquier otro dep\u00f3sito de aguas mar\u00edtimas, que se incluya en la Ley Federal de Derechos a los municipios de San Rafael y Bacalar, en los Estados de Veracruz y Quintana Roo, en las Zonas III y VIII del art\u00edculo 232-D de dicho ordenamiento, cuerpos de aguas residuales, etc.<\/p>\n<p>Finalmente esperaremos como queda aprobada esta iniciativa a la Ley Federal de Derechos para el 2021.<\/p>\n<p><img loading=\"lazy\" decoding=\"async\" class=\"aligncenter wp-image-1085 size-full\" src=\"http:\/\/sinergiainteligente.com\/publicaciones\/wp-content\/uploads\/2020\/04\/Firma-Ramon-Ortega-Diaz.jpg\" alt=\"\" width=\"800\" height=\"150\" srcset=\"https:\/\/sinergiainteligente.com\/publicaciones\/wp-content\/uploads\/2020\/04\/Firma-Ramon-Ortega-Diaz.jpg 800w, https:\/\/sinergiainteligente.com\/publicaciones\/wp-content\/uploads\/2020\/04\/Firma-Ramon-Ortega-Diaz-300x56.jpg 300w, https:\/\/sinergiainteligente.com\/publicaciones\/wp-content\/uploads\/2020\/04\/Firma-Ramon-Ortega-Diaz-768x144.jpg 768w\" sizes=\"auto, (max-width: 767px) 89vw, (max-width: 1000px) 54vw, (max-width: 1071px) 543px, 580px\" \/><a href=\"http:\/\/sinergiainteligente.com\/expositores\/Mtro-RamonOrtega.html\" target=\"_blank\" rel=\"noopener\">Ver Trayectoria Profesional<\/a><\/p>\n","protected":false},"excerpt":{"rendered":"<p>En el Proyecto de Decreto por el que se reforman, adicionan y derogan diversas disposiciones de la Ley Federal de Derechos para 2021, hay varias \u201cnovedades\u201d que son necesarias comentar y analizar dado que no todo son las modificaciones de ISR, IVA, IESPS y C\u00f3digo Fiscal de la Federaci\u00f3n (CFF) dentro del Paquete Econ\u00f3mico 2021.<\/p>\n","protected":false},"author":25,"featured_media":0,"comment_status":"open","ping_status":"open","sticky":false,"template":"","format":"standard","meta":{"footnotes":""},"categories":[6,11],"tags":[],"class_list":["post-1196","post","type-post","status-publish","format-standard","hentry","category-fiscal","category-opinion"],"_links":{"self":[{"href":"https:\/\/sinergiainteligente.com\/publicaciones\/wp-json\/wp\/v2\/posts\/1196","targetHints":{"allow":["GET"]}}],"collection":[{"href":"https:\/\/sinergiainteligente.com\/publicaciones\/wp-json\/wp\/v2\/posts"}],"about":[{"href":"https:\/\/sinergiainteligente.com\/publicaciones\/wp-json\/wp\/v2\/types\/post"}],"author":[{"embeddable":true,"href":"https:\/\/sinergiainteligente.com\/publicaciones\/wp-json\/wp\/v2\/users\/25"}],"replies":[{"embeddable":true,"href":"https:\/\/sinergiainteligente.com\/publicaciones\/wp-json\/wp\/v2\/comments?post=1196"}],"version-history":[{"count":1,"href":"https:\/\/sinergiainteligente.com\/publicaciones\/wp-json\/wp\/v2\/posts\/1196\/revisions"}],"predecessor-version":[{"id":1197,"href":"https:\/\/sinergiainteligente.com\/publicaciones\/wp-json\/wp\/v2\/posts\/1196\/revisions\/1197"}],"wp:attachment":[{"href":"https:\/\/sinergiainteligente.com\/publicaciones\/wp-json\/wp\/v2\/media?parent=1196"}],"wp:term":[{"taxonomy":"category","embeddable":true,"href":"https:\/\/sinergiainteligente.com\/publicaciones\/wp-json\/wp\/v2\/categories?post=1196"},{"taxonomy":"post_tag","embeddable":true,"href":"https:\/\/sinergiainteligente.com\/publicaciones\/wp-json\/wp\/v2\/tags?post=1196"}],"curies":[{"name":"wp","href":"https:\/\/api.w.org\/{rel}","templated":true}]}}