{"id":1228,"date":"2020-10-24T13:09:26","date_gmt":"2020-10-24T18:09:26","guid":{"rendered":"http:\/\/sinergiainteligente.com\/publicaciones\/?p=1228"},"modified":"2020-10-24T13:09:26","modified_gmt":"2020-10-24T18:09:26","slug":"ferrea-politica-fiscal","status":"publish","type":"post","link":"https:\/\/sinergiainteligente.com\/publicaciones\/2020\/10\/24\/ferrea-politica-fiscal\/","title":{"rendered":"F\u00e9rrea Pol\u00edtica Fiscal"},"content":{"rendered":"<p><img loading=\"lazy\" decoding=\"async\" class=\"size-full wp-image-1086 alignleft\" src=\"http:\/\/sinergiainteligente.com\/publicaciones\/wp-content\/uploads\/2020\/04\/Ramon-Ortega-Diaz.png\" alt=\"\" width=\"152\" height=\"158\" \/>Sobre el manejo del presupuesto en lo referente a los ingresos y los gastos, tenemos la pol\u00edtica fiscal que se ha visto inamovible en lo que llevamos de esta administraci\u00f3n y que varios me han preguntado \u00bfde d\u00f3nde sacar\u00e1n los recursos (impuestos) el Gobierno con esta pandemia? \u00bfhabr\u00e1 est\u00edmulos o apoyos fiscales? \u00bfbajar\u00e1n los impuestos? Creo que las respuestas las tenemos a la vista.<!--more--><\/p>\n<p>Sobre el tipo de pol\u00edtica fiscal que tenemos, ser\u00eda la duda dado que no es expansiva puesto que no tiende al d\u00e9ficit o generar inflaci\u00f3n, pero no tenemos aumento al gasto p\u00fablico ni hay baja en los impuestos. Siendo que estamos pr\u00e1cticamente en un periodo de contracci\u00f3n y necesitar\u00eda el apoyo en la econom\u00eda; pero no se desea endeudar (m\u00e1s) dado los niveles de endeudamiento que generar\u00edan un d\u00e9ficit que algunos pensar\u00edan que es necesario llevarlo a cabo.<\/p>\n<p>Ya en la semana, el Secretario de Hacienda se manifest\u00f3 sobre el no dar los est\u00edmulos fiscales confirmando el porque no se han dado, pues al otorgarlo el Estado obtendr\u00eda menos ingresos ocasionando (o aumentando) un d\u00e9ficit en las finanzas p\u00fablicas. (Ver: <a href=\"http:\/\/sinergiainteligente.com\/publicaciones\/2020\/04\/17\/y-el-plan\/\" target=\"_blank\" rel=\"noopener\"><span style=\"font-weight: 600\"><em>\u201c\u00bfY el Plan?<\/em><\/span><em>\u201d<\/em><\/a>\u00a0y <a href=\"http:\/\/sinergiainteligente.com\/publicaciones\/2020\/05\/20\/nueva-normalidad-tributaria\/\" target=\"_blank\" rel=\"noopener\"><span style=\"font-weight: 600\"><em>\u201cNueva Normalidad Tributaria\u201d<\/em><\/span><\/a>).<\/p>\n<p>En el Informe del Fondo Monetario Internacional (FMI) <em>\u201c<a href=\"https:\/\/www.imf.org\/es\/Publications\/REO\/WH\/Issues\/2020\/10\/13\/regional-economic-outlook-western-hemisphere\" target=\"_blank\" rel=\"noopener\">Perspectivas econ\u00f3micas regionales: Las Am\u00e9ricas<\/a>\u201d<\/em>\u00a0 se tienen las siguientes proyecciones para 2020 y 2021 a M\u00e9xico:<\/p>\n<p style=\"padding-left: 30px\">\u2022 Gasto Primario (% del PIB): 25.9 y 22.4%<br \/>\n\u2022 Balance primario (% del PIB): -2.0 y 0.2%<br \/>\n\u2022 Deuda Bruta (% del PIB): 65.5 y 65.6%<br \/>\n\u2022 Crecimiento del PIB real (%): -9 y 3.5%<br \/>\n\u2022 Inflaci\u00f3n (%): 3.7% y 2.9%<br \/>\n\u2022 Balance de cuenta corriente externa (% del PIB): 1.2 y -0.1%<\/p>\n<p>De los principales indicadores fiscales, <span style=\"text-decoration: underline\">el que m\u00e1s preocupa es el nivel de endeudamiento al estar de un 53% en 2018-2019 a un 65% proyectado<\/span>; de ah\u00ed se entiende el porque se busca el que no caigan los ingresos (sean tributarios o no) y se contrapone con lo proyectado en los Criterios Econ\u00f3micos para 2021. Esto es lo que se busca contrarrestar y que podr\u00eda afectar (que no creemos) a la calificaci\u00f3n que tiene M\u00e9xico dado el \u201cpoco\u201d espacio fiscal con el que cuenta el pa\u00eds y la l\u00ednea de cr\u00e9dito con el FMI, que podr\u00eda ser menor; hay que dar el seguimiento a estas dos situaciones. <span style=\"text-decoration: underline;font-weight: 600\">Es un hecho que la prioridad fiscal es la deuda del pa\u00eds (con su costo financiero, obviamente) al incrementarse casi un 12% del PIB (del 53 a un 65%) seg\u00fan lo proyectado<\/span>.<\/p>\n<p>En el \u201c<a href=\"https:\/\/www.imf.org\/es\/Publications\/FM\/Issues\/2020\/09\/30\/october-2020-fiscal-monitor\" target=\"_blank\" rel=\"noopener\">Monitor Fiscal<\/a>\u201d del mismo FMI se\u00f1ala lo siguiente: <em>\u201cLos pa\u00edses con espacio fiscal limitado y menos acceso al financiamiento deben proteger la inversi\u00f3n p\u00fablica y las transferencias a hogares de ingreso m\u00e1s bajo, y al mismo tiempo aumentar los impuestos progresivos y asegurar que se grave adecuadamente a las empresas m\u00e1s rentables, en busca de un ajuste equitativo y favorable al crecimiento.\u201d<\/em> \u00bfHabr\u00e1 reforma fiscal \u201cprogresiva\u201d en 2021 para 2022? Si continuara \u201cpresion\u00e1ndose\u201d las finanzas p\u00fablicas en 2021 y el efecto de la pandemia se prolongara, la respuesta probable ser\u00eda que s\u00ed, siendo necesaria tal pero\u2026 acompa\u00f1ada de un paquete de est\u00edmulos fiscales (Seg\u00fan el FMI y que al parecer, no concuerda el Gobierno Mexicano). El hecho que los impuestos no hayan ca\u00eddo en su recaudaci\u00f3n en comparaci\u00f3n con los a\u00f1os anteriores a pesar de que no lleguen a la meta anual presupuestada ser\u00e1 la tendencia fiscalizadora; por lo que es probable una futura reforma fiscal para tener finanzas p\u00fablicas sanas.<\/p>\n<p>Con la posici\u00f3n de esta \u201cf\u00e9rrea\u201d disciplina fiscal, es probable que se llegue al nivel de deuda (tambi\u00e9n por la reducci\u00f3n del PIB y afectando por ende a la proporci\u00f3n) y no vemos que incurra a gastar y endeudarse para \u201cpaliar\u201d el efecto de la pandemia; continuar\u00e1 con su nivel esperado de recaudaci\u00f3n y austeridad en el gasto. Unos podr\u00e1n estar de acuerdo, otros obviamente no dado es lo que indica \u201cel librito\u201d \u00bfes correcto o no? Pues es la toma de decisiones que incide en la econom\u00eda: \u00bfes bueno generar m\u00e1s gasto v\u00eda deuda s\u00ed o no? Ser\u00eda la pregunta clave y ya hemos visto los indicadores.<\/p>\n<p>El Subsecretario de Hacienda comento que la econom\u00eda mexicana tardar\u00e1 de 2 a 3 a\u00f1os en recuperar su nivel anterior a la pandemia (2019); por tanto, se vislumbra que nos costar\u00eda retomar nuestro nivel econ\u00f3mico un a\u00f1o m\u00e1s que los dem\u00e1s seg\u00fan el FMI que ve en 2022 a la mayor\u00eda de los pa\u00edses. En lo personal, esperamos que inicie formalmente en el segundo trimestre del 2021 (como ajuste) para mitad del siguiente a\u00f1o y llegue a tener un \u201cequilibrio fiscal\u201d. Ser\u00e1 una recuperaci\u00f3n probablemente lenta y la dirigir\u00e1 la situaci\u00f3n de la pandemia (vacuna contra el COVID y su aplicaci\u00f3n); ya el FMI coment\u00f3 que ser\u00e1 este a\u00f1o 2020 para M\u00e9xico, de las econom\u00edas m\u00e1s afectadas y junto con el 2021 ser\u00e1 un bienio \u201cmuy malo\u201d. Esperemos y no se agrave m\u00e1s la situaci\u00f3n del COVID y que de darse; la recuperaci\u00f3n sea m\u00e1s r\u00e1pida.<\/p>\n<p><img loading=\"lazy\" decoding=\"async\" class=\"aligncenter wp-image-1085 size-full\" src=\"http:\/\/sinergiainteligente.com\/publicaciones\/wp-content\/uploads\/2020\/04\/Firma-Ramon-Ortega-Diaz.jpg\" alt=\"\" width=\"800\" height=\"150\" srcset=\"https:\/\/sinergiainteligente.com\/publicaciones\/wp-content\/uploads\/2020\/04\/Firma-Ramon-Ortega-Diaz.jpg 800w, https:\/\/sinergiainteligente.com\/publicaciones\/wp-content\/uploads\/2020\/04\/Firma-Ramon-Ortega-Diaz-300x56.jpg 300w, https:\/\/sinergiainteligente.com\/publicaciones\/wp-content\/uploads\/2020\/04\/Firma-Ramon-Ortega-Diaz-768x144.jpg 768w\" sizes=\"auto, (max-width: 767px) 89vw, (max-width: 1000px) 54vw, (max-width: 1071px) 543px, 580px\" \/><a href=\"http:\/\/sinergiainteligente.com\/expositores\/Mtro-RamonOrtega.html\" target=\"_blank\" rel=\"noopener\">Ver Trayectoria Profesional<\/a><\/p>\n","protected":false},"excerpt":{"rendered":"<p>Sobre el manejo del presupuesto en lo referente a los ingresos y los gastos, tenemos la pol\u00edtica fiscal que se ha visto inamovible en lo que llevamos de esta administraci\u00f3n y que varios me han preguntado \u00bfde d\u00f3nde sacar\u00e1n los recursos (impuestos) el Gobierno con esta pandemia? \u00bfhabr\u00e1 est\u00edmulos o apoyos fiscales? \u00bfbajar\u00e1n los impuestos? &hellip; <\/p>\n<p class=\"link-more\"><a href=\"https:\/\/sinergiainteligente.com\/publicaciones\/2020\/10\/24\/ferrea-politica-fiscal\/\" class=\"more-link\">Continuar leyendo<span class=\"screen-reader-text\"> \u00abF\u00e9rrea Pol\u00edtica Fiscal\u00bb<\/span><\/a><\/p>\n","protected":false},"author":25,"featured_media":0,"comment_status":"open","ping_status":"open","sticky":false,"template":"","format":"standard","meta":{"footnotes":""},"categories":[6,11],"tags":[],"class_list":["post-1228","post","type-post","status-publish","format-standard","hentry","category-fiscal","category-opinion"],"_links":{"self":[{"href":"https:\/\/sinergiainteligente.com\/publicaciones\/wp-json\/wp\/v2\/posts\/1228","targetHints":{"allow":["GET"]}}],"collection":[{"href":"https:\/\/sinergiainteligente.com\/publicaciones\/wp-json\/wp\/v2\/posts"}],"about":[{"href":"https:\/\/sinergiainteligente.com\/publicaciones\/wp-json\/wp\/v2\/types\/post"}],"author":[{"embeddable":true,"href":"https:\/\/sinergiainteligente.com\/publicaciones\/wp-json\/wp\/v2\/users\/25"}],"replies":[{"embeddable":true,"href":"https:\/\/sinergiainteligente.com\/publicaciones\/wp-json\/wp\/v2\/comments?post=1228"}],"version-history":[{"count":1,"href":"https:\/\/sinergiainteligente.com\/publicaciones\/wp-json\/wp\/v2\/posts\/1228\/revisions"}],"predecessor-version":[{"id":1229,"href":"https:\/\/sinergiainteligente.com\/publicaciones\/wp-json\/wp\/v2\/posts\/1228\/revisions\/1229"}],"wp:attachment":[{"href":"https:\/\/sinergiainteligente.com\/publicaciones\/wp-json\/wp\/v2\/media?parent=1228"}],"wp:term":[{"taxonomy":"category","embeddable":true,"href":"https:\/\/sinergiainteligente.com\/publicaciones\/wp-json\/wp\/v2\/categories?post=1228"},{"taxonomy":"post_tag","embeddable":true,"href":"https:\/\/sinergiainteligente.com\/publicaciones\/wp-json\/wp\/v2\/tags?post=1228"}],"curies":[{"name":"wp","href":"https:\/\/api.w.org\/{rel}","templated":true}]}}