{"id":1236,"date":"2020-11-17T12:56:56","date_gmt":"2020-11-17T18:56:56","guid":{"rendered":"http:\/\/sinergiainteligente.com\/publicaciones\/?p=1236"},"modified":"2020-11-17T12:57:27","modified_gmt":"2020-11-17T18:57:27","slug":"se-hara-caso-al-fmi","status":"publish","type":"post","link":"https:\/\/sinergiainteligente.com\/publicaciones\/2020\/11\/17\/se-hara-caso-al-fmi\/","title":{"rendered":"\u00bfSe Har\u00e1 Caso al FMI?"},"content":{"rendered":"<p><img loading=\"lazy\" decoding=\"async\" class=\"size-full wp-image-1086 alignleft\" src=\"http:\/\/sinergiainteligente.com\/publicaciones\/wp-content\/uploads\/2020\/04\/Ramon-Ortega-Diaz.png\" alt=\"\" width=\"152\" height=\"158\" \/>En d\u00edas pasados, el Fondo Monetario Internacional (FMI) public\u00f3 el informe de Pa\u00eds \u201c<em><a href=\"https:\/\/www.imf.org\/-\/media\/Files\/Publications\/CR\/2020\/English\/1MEXEA2020001.ashx\" target=\"_blank\" rel=\"noopener\">M\u00e9xico: Comunicado de prensa de la consulta del Art\u00edculo IV de 2020; e informe del personal<\/a><\/em>\u201d donde menciona en su parte introductoria: \u201c<em>Las estad\u00edsticas oficiales indican que se han perdido m\u00e1s de 85.000 vidas. Aproximadamente 12 millones de trabajadores perdieron sus empleos,<!--more--> muchos de los cuales proven\u00edan del sector informal, de los cuales alrededor de 4 millones no han regresado a la fuerza laboral. La proporci\u00f3n de la poblaci\u00f3n en situaci\u00f3n de pobreza laboral salt\u00f3 del 36 al 48 por ciento, en junio.<\/em>\u201d<\/p>\n<p>As\u00ed como se prev\u00e9 la disminuci\u00f3n del 9% en la producci\u00f3n <span style=\"font-weight: 600\">\u201cla contracci\u00f3n m\u00e1s pronunciada desde la Gran Depresi\u00f3n\u201d<\/span> esperando que se tenga una \u201cmodesta\u201d recuperaci\u00f3n. As\u00ed como se\u00f1ala: \u201c<em>Aunque la inflaci\u00f3n ha aumentado debido al traspaso del tipo de cambio y las interrupciones de la oferta, se prev\u00e9 que disminuya gradualmente a medida que la demanda interna siga siendo reprimida por la dislocaci\u00f3n del mercado laboral, los efectos sobre la riqueza y las preocupaciones sobre la trayectoria de la pandemia.<\/em>\u201d<\/p>\n<p>En lo que destaca del informe, es algo que ya hemos anunciado: \u201c<em>En general, los directores vieron la necesidad de anunciar una reforma tributaria cre\u00edble a mediano plazo, que se implementar\u00e1 una vez que la recuperaci\u00f3n est\u00e9 en marcha, para reforzar el espacio para brindar apoyo a corto plazo, cerrar brechas fiscales, reducir la deuda p\u00fablica y financiar las inversiones y servicios sociales necesarios. gasto.<\/em>\u201d Por lo que en el a\u00f1o 2022 se vislumbra una reforma estructural fiscal al ser ya recomendado a M\u00e9xico (ver \u201c<a href=\"http:\/\/sinergiainteligente.com\/publicaciones\/2020\/10\/24\/ferrea-politica-fiscal\/\" target=\"_blank\" rel=\"noopener\"><span style=\"font-weight: 600\"><em>F\u00e9rrea Pol\u00edtica Fiscal<\/em><\/span><\/a>\u201d).<\/p>\n<p>Contrario a lo que se pudiera pensar, M\u00e9xico ha llevado a cabo las recomendaciones del FMI pero en lo que no concuerda, es el otorgar apoyos fiscales (sean temporales o limitados) dada la presi\u00f3n que se ejercer\u00eda sobre las finanzas p\u00fablicas y la incertidumbre s\u00ed se volviera m\u00e1s profunda la contracci\u00f3n econ\u00f3mica por el efecto de la pandemia; siendo un hecho una reforma tributaria (menciona el documento \u201ccre\u00edble\u201d) que se dar\u00eda en la etapa post covid y en una recuperaci\u00f3n econ\u00f3mica para incrementar la recaudaci\u00f3n fiscal considerando el poco espacio con el que se cuenta y que se reflej\u00f3 en este Paquete Econ\u00f3mico 2021 dado la reforma constitucional del art\u00edculo cuarto y, por ende, el aumento a programas sociales \u201cde bienestar\u201d.<\/p>\n<p>\u00bfQu\u00e9 se le recomienda a M\u00e9xico? Cosas muy interesantes que ya se est\u00e1n echando a andar sin que nos demos cuenta hacia donde se dirigen: ampliar la base tributaria, aumentar los impuestos subnacionales y reducir brechas del IVA fortaleciendo redes de Seguridad Social; as\u00ed como sumando la reforma a pensiones y medidas para contrarrestar la informalidad. Menci\u00f3n aparte el combate al lavado de dinero y financiamiento al terrorismo, corrupci\u00f3n, as\u00ed como delitos fiscales y financieros; los \u201cincome tax bracket\u201d habr\u00e1 que analizarlos y reducir las tasas impositivas de ISR (especialmente para personas f\u00edsicas).<\/p>\n<p>\u00bfMitigar la informalidad? Veremos.<\/p>\n<p>\u00bfC\u00f3mo se dar\u00e1n? Uno de ellos es el aumentar los impuestos subnacionales &#8211; <em>Subnational taxes<\/em>. &#8211; (que son los de las entidades federativas y municipios) con el tema del pacto fiscal y el efecto del presupuesto para 2021. Veremos qu\u00e9 tanto las Entidades Federativas, as\u00ed como los municipios incrementar\u00e1n su recaudaci\u00f3n e impondr\u00e1n nuevos grav\u00e1menes dado que generan apenas aproximadamente el 10% de sus ingresos propios; por lo que dependen en gran medida de la Federaci\u00f3n al ser casi de un 90% de donde provienen tales.<\/p>\n<p>Estamos hablando, por ejemplo, de imponer nuevos impuestos locales (p.e. ambientales y de consumo), ampliar el predial (valores catastrales), que regrese la tenencia, eliminar apoyos, combatir la informalidad laboral para obtener un impuesto a la n\u00f3mina mucho mayor, entre otros. Somos de los pa\u00edses que menos recauda en impuestos subnacionales y uno de los factores que inciden en ello son las facultades fiscalizadoras que se debieran ajustar; por lo que el debate del pacto fiscal est\u00e1 planchado para ir a este camino. \u00bfReestructurar el Sistema Nacional de Coordinaci\u00f3n Fiscal? \u00bfQuieren mas recursos los Estados? \u00bfQu\u00e9 no haya recortes en los siguientes presupuestos? Si claro: recauda m\u00e1s entonces.<\/p>\n<p><img loading=\"lazy\" decoding=\"async\" class=\"aligncenter wp-image-1085 size-full\" src=\"http:\/\/sinergiainteligente.com\/publicaciones\/wp-content\/uploads\/2020\/04\/Firma-Ramon-Ortega-Diaz.jpg\" alt=\"\" width=\"800\" height=\"150\" srcset=\"https:\/\/sinergiainteligente.com\/publicaciones\/wp-content\/uploads\/2020\/04\/Firma-Ramon-Ortega-Diaz.jpg 800w, https:\/\/sinergiainteligente.com\/publicaciones\/wp-content\/uploads\/2020\/04\/Firma-Ramon-Ortega-Diaz-300x56.jpg 300w, https:\/\/sinergiainteligente.com\/publicaciones\/wp-content\/uploads\/2020\/04\/Firma-Ramon-Ortega-Diaz-768x144.jpg 768w\" sizes=\"auto, (max-width: 767px) 89vw, (max-width: 1000px) 54vw, (max-width: 1071px) 543px, 580px\" \/><a href=\"http:\/\/sinergiainteligente.com\/expositores\/Mtro-RamonOrtega.html\" target=\"_blank\" rel=\"noopener\">Ver Trayectoria Profesional<\/a><\/p>\n","protected":false},"excerpt":{"rendered":"<p>En d\u00edas pasados, el Fondo Monetario Internacional (FMI) public\u00f3 el informe de Pa\u00eds \u201cM\u00e9xico: Comunicado de prensa de la consulta del Art\u00edculo IV de 2020; e informe del personal\u201d donde menciona en su parte introductoria: \u201cLas estad\u00edsticas oficiales indican que se han perdido m\u00e1s de 85.000 vidas. Aproximadamente 12 millones de trabajadores perdieron sus empleos,<\/p>\n","protected":false},"author":25,"featured_media":0,"comment_status":"open","ping_status":"open","sticky":false,"template":"","format":"standard","meta":{"footnotes":""},"categories":[6,11],"tags":[],"class_list":["post-1236","post","type-post","status-publish","format-standard","hentry","category-fiscal","category-opinion"],"_links":{"self":[{"href":"https:\/\/sinergiainteligente.com\/publicaciones\/wp-json\/wp\/v2\/posts\/1236","targetHints":{"allow":["GET"]}}],"collection":[{"href":"https:\/\/sinergiainteligente.com\/publicaciones\/wp-json\/wp\/v2\/posts"}],"about":[{"href":"https:\/\/sinergiainteligente.com\/publicaciones\/wp-json\/wp\/v2\/types\/post"}],"author":[{"embeddable":true,"href":"https:\/\/sinergiainteligente.com\/publicaciones\/wp-json\/wp\/v2\/users\/25"}],"replies":[{"embeddable":true,"href":"https:\/\/sinergiainteligente.com\/publicaciones\/wp-json\/wp\/v2\/comments?post=1236"}],"version-history":[{"count":2,"href":"https:\/\/sinergiainteligente.com\/publicaciones\/wp-json\/wp\/v2\/posts\/1236\/revisions"}],"predecessor-version":[{"id":1238,"href":"https:\/\/sinergiainteligente.com\/publicaciones\/wp-json\/wp\/v2\/posts\/1236\/revisions\/1238"}],"wp:attachment":[{"href":"https:\/\/sinergiainteligente.com\/publicaciones\/wp-json\/wp\/v2\/media?parent=1236"}],"wp:term":[{"taxonomy":"category","embeddable":true,"href":"https:\/\/sinergiainteligente.com\/publicaciones\/wp-json\/wp\/v2\/categories?post=1236"},{"taxonomy":"post_tag","embeddable":true,"href":"https:\/\/sinergiainteligente.com\/publicaciones\/wp-json\/wp\/v2\/tags?post=1236"}],"curies":[{"name":"wp","href":"https:\/\/api.w.org\/{rel}","templated":true}]}}