{"id":1244,"date":"2020-12-07T16:34:32","date_gmt":"2020-12-07T22:34:32","guid":{"rendered":"http:\/\/sinergiainteligente.com\/publicaciones\/?p=1244"},"modified":"2020-12-07T16:34:32","modified_gmt":"2020-12-07T22:34:32","slug":"teletrabajo-home-office","status":"publish","type":"post","link":"https:\/\/sinergiainteligente.com\/publicaciones\/2020\/12\/07\/teletrabajo-home-office\/","title":{"rendered":"Teletrabajo (Home Office)"},"content":{"rendered":"<p><img loading=\"lazy\" decoding=\"async\" class=\"size-full wp-image-1086 alignleft\" src=\"http:\/\/sinergiainteligente.com\/publicaciones\/wp-content\/uploads\/2020\/04\/Ramon-Ortega-Diaz.png\" alt=\"\" width=\"152\" height=\"158\" \/>Recientemente en la Comisi\u00f3n de Trabajo y Previsi\u00f3n Social de la C\u00e1mara de Diputados, se acaba de aprobar (con modificaciones) el dictamen a la minuta que reforma la Ley Federal del Trabajo sobre el trabajo a distancia o home office; mejor conocida como \u201cteletrabajo\u201d.<!--more--><\/p>\n<p>En estas \u00e9pocas de pandemia donde algunos trabajos se realizan en un lugar distinto a la tradicional empresa, esta iniciativa se torna interesante dado que si bien ya existe legislaci\u00f3n al respecto es necesaria \u201cactualizarla\u201d; la presente iniciativa parecer\u00eda ser que est\u00e1 pasando desapercibida ante los ojos de la iniciativa privada (todas las miradas est\u00e1n sobre el tema del outsourcing) y es necesario medir los efectos de esta propuesta que pr\u00e1cticamente se estar\u00eda aprobando (fast track) ya con las modificaciones de otras iniciativas que se ten\u00edan al respecto.<\/p>\n<p>En lo que concierne al teletrabajo, tales servicios que ser\u00e1n de manera personal, subordinada y obviamente remunerada; con la caracter\u00edstica que ahora ser\u00e1 (es) en un lugar distinto al lugar de trabajo (empresa-tradicional) teniendo una condicionante de cu\u00e1ndo ser\u00eda considerado como tal (al momento es de un 40% o m\u00e1s de su jornada) pero tambi\u00e9n respetando los derechos laborales que ello conlleva, asimismo las situaciones laborales y de protecci\u00f3n a los \u201cteletrabajadores\u201d.<\/p>\n<p>La relaci\u00f3n laboral entre patrones y trabajadores derivado del teletrabajo tendr\u00e1 que actualizarse con los tiempos de la pandemia y posteriormente a ella, debido a que, con la nueva normalidad, algunos patrones decidir\u00e1n que por ahorrar costos al no tener que desarrollar los trabajos dentro del centro de labores, ser\u00e1n preferibles seguirlos llevando como tal: a distancia. Por tanto, tal iniciativa contempla lo relacionado a los insumos necesarios para poder llevar a cabo las labores, los gastos de la jornada laboral, el derecho a estar desconectados (o sea que no lo est\u00e9n molestando a deshoras v\u00eda electr\u00f3nicamente \u2013 llamadas, correos, mensajes \u2013 todo a un horario), capacitaci\u00f3n de uso de tecnolog\u00edas (digitalizaci\u00f3n y ciberseguridad), el cuidado de la informaci\u00f3n (protecci\u00f3n de datos); entre otros.<\/p>\n<p>As\u00ed pues, los patrones y los trabajadores tendr\u00e1n que adecuarse a esta nueva normalidad laboral (que ya est\u00e1 sucediendo, solo se \u201cregular\u00eda\u201d) en el dado caso que se apruebe la iniciativa en cuesti\u00f3n.<br \/>\n<a href=\"https:\/\/comunicacionnoticias.diputados.gob.mx\/comunicacion\/index.php\/boletines\/la-comision-del-trabajo-aprobo-por-unanimidad-dictamen-a-minuta-sobre-teletrabajo#gsc.tab=0\" target=\"_blank\" rel=\"noopener\">https:\/\/comunicacionnoticias.diputados.gob.mx\/comunicacion\/index.php\/boletines\/la-comision-del-trabajo-aprobo-por-unanimidad-dictamen-a-minuta-sobre-teletrabajo#gsc.tab=0<\/a><\/p>\n<p>Los contratos de trabajo tendr\u00e1n que adecuarse a la iniciativa dado que se deber\u00e1n considerar los costos relacionados con el trabajo a distancia, c\u00f3mo son, por ejemplo: el uso del internet, la electricidad, entre otros; que pueden derivarse de esta relaci\u00f3n de teletrabajo. Es claro que ante el surgimiento del COVID, las formas de trabajar han cambiado y la adaptaci\u00f3n post-covid impactar\u00e1 el mundo laboral; aunque nuestra expectativa es que no ser\u00e1 lo que se esperar\u00e1 y podr\u00eda ser una situaci\u00f3n hibrida: parte presencial y la otra a distancia.<\/p>\n<p>Estaremos al tanto de c\u00f3mo se va desarrollando tal iniciativa (adem\u00e1s de las de outsourcing, pensiones, etc.) y los impactos no solo laborales sino sociales al modificar el estilo de vida: como el sedentarismo, mundo virtual, organizaci\u00f3n, disciplina, m\u00e1s lo que se acumule. A lo anterior, se le suma la expectativa de cuanto ser\u00e1 el aumento al salario m\u00ednimo para 2021; pero ese ya es otro tema.<\/p>\n<p><img loading=\"lazy\" decoding=\"async\" class=\"aligncenter wp-image-1085 size-full\" src=\"http:\/\/sinergiainteligente.com\/publicaciones\/wp-content\/uploads\/2020\/04\/Firma-Ramon-Ortega-Diaz.jpg\" alt=\"\" width=\"800\" height=\"150\" srcset=\"https:\/\/sinergiainteligente.com\/publicaciones\/wp-content\/uploads\/2020\/04\/Firma-Ramon-Ortega-Diaz.jpg 800w, https:\/\/sinergiainteligente.com\/publicaciones\/wp-content\/uploads\/2020\/04\/Firma-Ramon-Ortega-Diaz-300x56.jpg 300w, https:\/\/sinergiainteligente.com\/publicaciones\/wp-content\/uploads\/2020\/04\/Firma-Ramon-Ortega-Diaz-768x144.jpg 768w\" sizes=\"auto, (max-width: 767px) 89vw, (max-width: 1000px) 54vw, (max-width: 1071px) 543px, 580px\" \/><a href=\"http:\/\/sinergiainteligente.com\/expositores\/Mtro-RamonOrtega.html\" target=\"_blank\" rel=\"noopener\">Ver Trayectoria Profesional<\/a><\/p>\n","protected":false},"excerpt":{"rendered":"<p>Recientemente en la Comisi\u00f3n de Trabajo y Previsi\u00f3n Social de la C\u00e1mara de Diputados, se acaba de aprobar (con modificaciones) el dictamen a la minuta que reforma la Ley Federal del Trabajo sobre el trabajo a distancia o home office; mejor conocida como \u201cteletrabajo\u201d.<\/p>\n","protected":false},"author":25,"featured_media":0,"comment_status":"open","ping_status":"open","sticky":false,"template":"","format":"standard","meta":{"footnotes":""},"categories":[10,11],"tags":[],"class_list":["post-1244","post","type-post","status-publish","format-standard","hentry","category-laboral","category-opinion"],"_links":{"self":[{"href":"https:\/\/sinergiainteligente.com\/publicaciones\/wp-json\/wp\/v2\/posts\/1244","targetHints":{"allow":["GET"]}}],"collection":[{"href":"https:\/\/sinergiainteligente.com\/publicaciones\/wp-json\/wp\/v2\/posts"}],"about":[{"href":"https:\/\/sinergiainteligente.com\/publicaciones\/wp-json\/wp\/v2\/types\/post"}],"author":[{"embeddable":true,"href":"https:\/\/sinergiainteligente.com\/publicaciones\/wp-json\/wp\/v2\/users\/25"}],"replies":[{"embeddable":true,"href":"https:\/\/sinergiainteligente.com\/publicaciones\/wp-json\/wp\/v2\/comments?post=1244"}],"version-history":[{"count":1,"href":"https:\/\/sinergiainteligente.com\/publicaciones\/wp-json\/wp\/v2\/posts\/1244\/revisions"}],"predecessor-version":[{"id":1245,"href":"https:\/\/sinergiainteligente.com\/publicaciones\/wp-json\/wp\/v2\/posts\/1244\/revisions\/1245"}],"wp:attachment":[{"href":"https:\/\/sinergiainteligente.com\/publicaciones\/wp-json\/wp\/v2\/media?parent=1244"}],"wp:term":[{"taxonomy":"category","embeddable":true,"href":"https:\/\/sinergiainteligente.com\/publicaciones\/wp-json\/wp\/v2\/categories?post=1244"},{"taxonomy":"post_tag","embeddable":true,"href":"https:\/\/sinergiainteligente.com\/publicaciones\/wp-json\/wp\/v2\/tags?post=1244"}],"curies":[{"name":"wp","href":"https:\/\/api.w.org\/{rel}","templated":true}]}}