{"id":1352,"date":"2021-08-11T11:08:50","date_gmt":"2021-08-11T16:08:50","guid":{"rendered":"https:\/\/sinergiainteligente.com\/publicaciones\/?p=1352"},"modified":"2021-08-11T11:08:50","modified_gmt":"2021-08-11T16:08:50","slug":"iva-trasladado","status":"publish","type":"post","link":"https:\/\/sinergiainteligente.com\/publicaciones\/2021\/08\/11\/iva-trasladado\/","title":{"rendered":"IVA Trasladado"},"content":{"rendered":"<p><img loading=\"lazy\" decoding=\"async\" class=\"size-full wp-image-556 alignleft\" src=\"https:\/\/sinergiainteligente.com\/publicaciones\/wp-content\/uploads\/2018\/02\/Martin-Rojas.png\" alt=\"\" width=\"152\" height=\"158\" \/>Uno de los efectos colaterales de aprender a hacer las cosas siempre igual, es que en ocasiones no nos permite razonar las cosas y visualizarlas desde un \u00e1ngulo diferente.<\/p>\n<p>Me acaba de pasar que gente que se dedica al \u00e1rea de exportaciones, est\u00e1 tan acostumbrada que en materia de IVA las ventas est\u00e1n gravadas al <span style=\"font-weight: 600\">0%<\/span>, que cuando les cambian un poquito las circunstancias dudan de lo que se debe hacer.<!--more--><\/p>\n<p>Me comentaron que un cliente, residente en el extranjero, har\u00eda una compra pero que el producto no se iba a exportar, y el cliente le dec\u00eda que le ten\u00edamos que cobrar el IVA, y la reacci\u00f3n de esta persona fue de dudarlo, ya que sab\u00eda que si le vendes a residentes en el extranjero el IVA es del 0%, y que el IVA al 16% solo se les cobra a los residentes en M\u00e9xico.<\/p>\n<p>Fue por eso por lo que les coment\u00e9 que ten\u00edan que romper ese paradigma. Para efectos del IVA, el gravarlo al 16% no depende de su residencia, sino en d\u00f3nde se realice la enajenaci\u00f3n, si es en M\u00e9xico es al 16%, si es en el extranjero, y hay pedimento de exportaci\u00f3n, es al 0%.<\/p>\n<p>Pero tampoco es regla general, ya que, si el cliente tiene programa IMMEX por ejemplo, y nos registra como su proveedor, aunque la venta se da en territorio nacional, le facturo a un residente en M\u00e9xico, nosotros no exportamos (no hay pedimento de exportaci\u00f3n), pero al amparo del programa del cliente, la tasa del IVA es del 0%.<\/p>\n<p>El <span style=\"font-weight: 600\">Art. 1 de la LIVA<\/span> establece lo siguiente:<\/p>\n<p><em>\u201cEst\u00e1n obligadas al pago del impuesto al valor agregado establecido en esta Ley, las personas f\u00edsicas y las morales que, <span style=\"font-weight: 600\">en territorio nacional<\/span>, realicen los actos o actividades siguientes\u2026\u201d<\/em><\/p>\n<p>Revisemos el <span style=\"font-weight: 600\">Art. 2 A, fracci\u00f3n IV de la LIVA<\/span>:<\/p>\n<p><em>\u201cEl impuesto se calcular\u00e1 aplicando la tasa del <span style=\"font-weight: 600\">0%<\/span> a los valores a que se refiere esta Ley, cuando se realicen los actos o actividades siguientes:<\/em><\/p>\n<p style=\"padding-left: 30px\"><em>\u2026IV.- La <span style=\"font-weight: 600\">exportaci\u00f3n de bienes<\/span> o servicios, en los t\u00e9rminos del art\u00edculo 29 de esta Ley\u201d<\/em><\/p>\n<p>Ahora revisemos el <span style=\"font-weight: 600\">Art. 29 de la LIVA<\/span>:<\/p>\n<p><em>\u201cLas empresas residentes en el pa\u00eds calcular\u00e1n el impuesto aplicando la tasa del <span style=\"font-weight: 600\">0%<\/span> al valor de la enajenaci\u00f3n de bienes o prestaci\u00f3n de servicios, cuando unos u otros se <span style=\"font-weight: 600\">exporten<\/span>.<\/em><\/p>\n<p><em>Para los efectos de esta Ley, se considera<span style=\"font-weight: 600\"> exportaci\u00f3n<\/span> de bienes o servicios:<\/em><\/p>\n<p style=\"padding-left: 30px\"><em>I.- La que tenga el car\u00e1cter de <span style=\"font-weight: 600\">definitiva<\/span> en los t\u00e9rminos de la Ley Aduanera<\/em><\/p>\n<p style=\"padding-left: 30px\"><em>\u2026IV.- El <span style=\"font-weight: 600\">aprovechamiento en el extranjero<\/span> de servicios prestados por residentes en el pa\u00eds, por concepto de:<\/em><\/p>\n<p style=\"padding-left: 60px\"><em>b).- Operaciones de <span style=\"font-weight: 600\">maquila y submaquila para exportaci\u00f3n<\/span> en los t\u00e9rminos de la legislaci\u00f3n aduanera y del Decreto para el Fomento y Operaci\u00f3n de la Industria Maquiladora de Exportaci\u00f3n. Para los efectos anteriores, se entender\u00e1 que los servicios se aprovechan en el extranjero cuando los bienes objeto de la maquila o submaquila sean exportados por la empresa maquiladora.\u201d<\/em><\/p>\n<p>Interesante tema, y todo surgi\u00f3 porque un cliente que tiene su casa matriz en Irlanda manda a maquilar prendas de vestir a su parte relacionada en M\u00e9xico, y \u00e9sta tiene un proceso de sublimado (transferencia de la impresi\u00f3n en papel a la tela con base en calor), pero por problemas de calidad en sus procesos nos solicit\u00f3 que, aprovechando que el sublimado es uno de los procesos para la elaboraci\u00f3n de nuestros productos, le apoy\u00e1ramos para cubrir sus necesidades.<\/p>\n<p>Algo nuevo que surgi\u00f3 de una necesidad de un cliente, tanto una nueva l\u00ednea de negocio, como el estudio de los efectos fiscales derivados del mismo.<\/p>\n<p>Es por eso que siempre insisto, hay que estar prestos para conocer el negocio en todas sus l\u00edneas, siempre hay algo interesante por aprender.<\/p>\n<table style=\"padding: 0px\">\n<tbody>\n<tr style=\"padding: 0px;margin: 0px\">\n<td style=\"padding: 0px;margin: 0px\" colspan=\"2\"><img loading=\"lazy\" decoding=\"async\" class=\"aligncenter wp-image-558 size-full\" src=\"https:\/\/sinergiainteligente.com\/publicaciones\/wp-content\/uploads\/2018\/02\/publicaciones-Martin-Rojas.jpg\" alt=\"\" width=\"800\" height=\"150\" srcset=\"https:\/\/sinergiainteligente.com\/publicaciones\/wp-content\/uploads\/2018\/02\/publicaciones-Martin-Rojas.jpg 800w, https:\/\/sinergiainteligente.com\/publicaciones\/wp-content\/uploads\/2018\/02\/publicaciones-Martin-Rojas-300x56.jpg 300w, https:\/\/sinergiainteligente.com\/publicaciones\/wp-content\/uploads\/2018\/02\/publicaciones-Martin-Rojas-768x144.jpg 768w\" sizes=\"auto, (max-width: 767px) 89vw, (max-width: 1000px) 54vw, (max-width: 1071px) 543px, 580px\" \/><\/td>\n<\/tr>\n<tr style=\"padding: 0px;margin: 0px\">\n<td style=\"padding: 0px;margin: 0px\" valign=\"top\"><a href=\"http:\/\/sinergiainteligente.com\/expositores\/CP-MartinRojasTamayo.html\" target=\"_blank\" rel=\"noopener\">Ver Trayectoria Profesional<\/a><\/td>\n<td style=\"padding: 0px;margin: 0px\" align=\"right\" valign=\"top\"><a href=\"https:\/\/sinergiainteligente.com\/?main=cursosDigitales&amp;expositor=Martin%20Rojas\" rel=\"noopener\">Conoce sus Cursos aqu\u00ed<\/a><\/td>\n<\/tr>\n<\/tbody>\n<\/table>\n","protected":false},"excerpt":{"rendered":"<p>Uno de los efectos colaterales de aprender a hacer las cosas siempre igual, es que en ocasiones no nos permite razonar las cosas y visualizarlas desde un \u00e1ngulo diferente. Me acaba de pasar que gente que se dedica al \u00e1rea de exportaciones, est\u00e1 tan acostumbrada que en materia de IVA las ventas est\u00e1n gravadas al &hellip; <\/p>\n<p class=\"link-more\"><a href=\"https:\/\/sinergiainteligente.com\/publicaciones\/2021\/08\/11\/iva-trasladado\/\" class=\"more-link\">Continuar leyendo<span class=\"screen-reader-text\"> \u00abIVA Trasladado\u00bb<\/span><\/a><\/p>\n","protected":false},"author":2,"featured_media":0,"comment_status":"open","ping_status":"open","sticky":false,"template":"","format":"standard","meta":{"footnotes":""},"categories":[5,6],"tags":[],"class_list":["post-1352","post","type-post","status-publish","format-standard","hentry","category-contable","category-fiscal"],"_links":{"self":[{"href":"https:\/\/sinergiainteligente.com\/publicaciones\/wp-json\/wp\/v2\/posts\/1352","targetHints":{"allow":["GET"]}}],"collection":[{"href":"https:\/\/sinergiainteligente.com\/publicaciones\/wp-json\/wp\/v2\/posts"}],"about":[{"href":"https:\/\/sinergiainteligente.com\/publicaciones\/wp-json\/wp\/v2\/types\/post"}],"author":[{"embeddable":true,"href":"https:\/\/sinergiainteligente.com\/publicaciones\/wp-json\/wp\/v2\/users\/2"}],"replies":[{"embeddable":true,"href":"https:\/\/sinergiainteligente.com\/publicaciones\/wp-json\/wp\/v2\/comments?post=1352"}],"version-history":[{"count":1,"href":"https:\/\/sinergiainteligente.com\/publicaciones\/wp-json\/wp\/v2\/posts\/1352\/revisions"}],"predecessor-version":[{"id":1354,"href":"https:\/\/sinergiainteligente.com\/publicaciones\/wp-json\/wp\/v2\/posts\/1352\/revisions\/1354"}],"wp:attachment":[{"href":"https:\/\/sinergiainteligente.com\/publicaciones\/wp-json\/wp\/v2\/media?parent=1352"}],"wp:term":[{"taxonomy":"category","embeddable":true,"href":"https:\/\/sinergiainteligente.com\/publicaciones\/wp-json\/wp\/v2\/categories?post=1352"},{"taxonomy":"post_tag","embeddable":true,"href":"https:\/\/sinergiainteligente.com\/publicaciones\/wp-json\/wp\/v2\/tags?post=1352"}],"curies":[{"name":"wp","href":"https:\/\/api.w.org\/{rel}","templated":true}]}}