{"id":167,"date":"2017-04-03T18:10:01","date_gmt":"2017-04-03T23:10:01","guid":{"rendered":"http:\/\/sinergiainteligente.com\/publicaciones\/?p=167"},"modified":"2019-04-22T12:49:33","modified_gmt":"2019-04-22T17:49:33","slug":"los-10-aspectos-importantes-a-considerar-despues-de-la-declaracion-anual-2016-p-m","status":"publish","type":"post","link":"https:\/\/sinergiainteligente.com\/publicaciones\/2017\/04\/03\/los-10-aspectos-importantes-a-considerar-despues-de-la-declaracion-anual-2016-p-m\/","title":{"rendered":"Los 10 Aspectos Importantes a Considerar Despu\u00e9s de la Declaraci\u00f3n Anual 2016 &#8211; P.M."},"content":{"rendered":"<p><strong><span style=\"color: #000000; font-family: Calibri;\"><img loading=\"lazy\" decoding=\"async\" class=\"size-full wp-image-401 alignleft\" src=\"http:\/\/sinergiainteligente.com\/publicaciones\/wp-content\/uploads\/2017\/04\/LCP-Alfredo-Vivar-\u00c1lvarez.png\" alt=\"\" width=\"152\" height=\"158\" \/>1.<\/span><\/strong><span style=\"font: 7pt 'Times New Roman'; margin: 0px;\"><span style=\"color: #000000;\">\u00a0\u00a0\u00a0\u00a0\u00a0\u00a0 <\/span><\/span><span style=\"background: white; margin: 0px; color: #212121; line-height: 107%; font-family: 'Segoe UI',sans-serif; font-size: 10pt;\">Nuevo coeficiente de utilidad que se aplicar\u00e1 en la provisional de marzo, sino hubo siga aplicando la misma que ocup\u00f3 en 2016.\u00a0<\/span><\/p>\n<p><strong><span style=\"color: #000000; font-family: Calibri;\">2.<\/span><\/strong><span style=\"font: 7pt 'Times New Roman'; margin: 0px;\"><span style=\"color: #000000;\">\u00a0\u00a0\u00a0\u00a0\u00a0\u00a0 <\/span><\/span><span style=\"background: white; margin: 0px; color: #212121; line-height: 107%; font-family: 'Segoe UI',sans-serif; font-size: 10pt;\">Perdida fiscal si hubo, podr\u00e1 aplicarla en marzo.\u00a0<\/span><\/p>\n<p><strong><span style=\"color: #000000; font-family: Calibri;\">3.<\/span><\/strong><span style=\"font: 7pt 'Times New Roman'; margin: 0px;\"><span style=\"color: #000000;\">\u00a0\u00a0\u00a0\u00a0\u00a0\u00a0 <\/span><\/span><span style=\"background: white; margin: 0px; color: #212121; line-height: 107%; font-family: 'Segoe UI',sans-serif; font-size: 10pt;\">Si hay remanente de p\u00e9rdidas fiscales de a\u00f1os anteriores tambi\u00e9n podr\u00e1 seguirla aplicando.\u00a0<\/span><!--more--><\/p>\n<p><strong><span style=\"color: #000000; font-family: Calibri;\">4.<\/span><\/strong><span style=\"font: 7pt 'Times New Roman'; margin: 0px;\"><span style=\"color: #000000;\">\u00a0\u00a0\u00a0\u00a0\u00a0\u00a0 <\/span><\/span><span style=\"background: white; margin: 0px; color: #212121; line-height: 107%; font-family: 'Segoe UI',sans-serif; font-size: 10pt;\">Programar reparto de utilidades a los trabajadores a m\u00e1s tardar el 30 de mayo.\u00a0<\/span><\/p>\n<p><strong><span style=\"color: #000000; font-family: Calibri;\">5.<\/span><\/strong><span style=\"font: 7pt 'Times New Roman'; margin: 0px;\"><span style=\"color: #000000;\">\u00a0\u00a0\u00a0\u00a0\u00a0\u00a0 <\/span><\/span><span style=\"background: white; margin: 0px; color: #212121; line-height: 107%; font-family: 'Segoe UI',sans-serif; font-size: 10pt;\">Podr\u00e1 decretar el pago de utilidades y\/o dividendos previo cumplimiento de las formalidades de ley.\u00a0<\/span><\/p>\n<p><strong><span style=\"color: #000000; font-family: Calibri;\">6.<\/span><\/strong><span style=\"font: 7pt 'Times New Roman'; margin: 0px;\"><span style=\"color: #000000;\">\u00a0\u00a0\u00a0\u00a0\u00a0\u00a0 <\/span><\/span><span style=\"background: white; margin: 0px; color: #212121; line-height: 107%; font-family: 'Segoe UI',sans-serif; font-size: 10pt;\">Si opt\u00f3 por dictaminarse en 2015 en la asamblea ordinaria de accionistas, se debe dar un reporte en el que se informe sobre el cumplimiento de obligaciones fiscales, el cual tambi\u00e9n se puede dar por cumplido si en la asamblea se distribuye y se da lectura el informe de situaci\u00f3n fiscal que forma parte del dictamen fiscal.\u00a0<\/span><\/p>\n<p><strong><span style=\"color: #000000; font-family: Calibri;\">7.<\/span><\/strong><span style=\"font: 7pt 'Times New Roman'; margin: 0px;\"><span style=\"color: #000000;\">\u00a0\u00a0\u00a0\u00a0\u00a0\u00a0 <\/span><\/span><span style=\"background: white; margin: 0px; color: #212121; line-height: 107%; font-family: 'Segoe UI',sans-serif; font-size: 10pt;\">Si en la declaraci\u00f3n anual opt\u00f3 por dictaminarse tenga presente que vence 31 de julio del 2017, siempre y cuando las contribuciones est\u00e9n pagadas a m\u00e1s tardar el 15 de julio del 2017. Por cierto, para que la opci\u00f3n sea v\u00e1lida debi\u00f3 haber presentado la declaraci\u00f3n en tiempo y forma.<\/span><\/p>\n<p><strong><span style=\"color: #000000; font-family: Calibri;\">8.<\/span><\/strong><span style=\"font: 7pt 'Times New Roman'; margin: 0px;\"><span style=\"color: #000000;\">\u00a0\u00a0\u00a0\u00a0\u00a0\u00a0 <\/span><\/span><span style=\"background: white; margin: 0px; color: #212121; line-height: 107%; font-family: 'Segoe UI',sans-serif; font-size: 10pt;\">Si est\u00e1 obligado a presentar la declaraci\u00f3n informativa de su situaci\u00f3n fiscal, deber\u00e1 presentarse a m\u00e1s tardar el 30 de junio del 2017, esto en funci\u00f3n al art\u00edculo 32-H del CFF vigente al 31 de diciembre del 2016. Por cierto, si opt\u00f3 por dictaminarse se tiene por cumplida esta obligaci\u00f3n.\u00a0<\/span><\/p>\n<p><strong><span style=\"color: #000000; font-family: Calibri;\">9.<\/span><\/strong><span style=\"font: 7pt 'Times New Roman'; margin: 0px;\"><span style=\"color: #000000;\">\u00a0\u00a0\u00a0\u00a0\u00a0\u00a0 <\/span><\/span><span style=\"background: white; margin: 0px; color: #212121; line-height: 107%; font-family: 'Segoe UI',sans-serif; font-size: 10pt;\">A m\u00e1s tardar el 31 de diciembre del 2017, debe presentar la de declaraci\u00f3n anual informativa de partes relacionadas del ejercicio 2016, si se ubica en los supuestos que establece el art\u00edculo 32-H del CFF.\u00a0<\/span><\/p>\n<p><strong><span style=\"color: #000000; font-family: Calibri;\">10.<\/span><\/strong><span style=\"font: 7pt 'Times New Roman'; margin: 0px;\"><span style=\"color: #000000;\">\u00a0\u00a0 <\/span><\/span><span style=\"background: white; margin: 0px; color: #212121; line-height: 107%; font-family: 'Segoe UI',sans-serif; font-size: 10pt;\">No olvide obtener toda la informaci\u00f3n contable y fiscal, tenga presente que a partir de la fecha de presentaci\u00f3n de la declaraci\u00f3n anual en t\u00e9rminos de lo previsto 67 del CFF el plazo para la caducidad de las facultades de comprobaci\u00f3n de las autoridades fiscales es de 5 a\u00f1os. Aunque hay excepciones.\u00a0 Por cierto, transcurrido dicho plazo, puede solicitar a la misma autoridad la declaratoria de caducidad de facultades.<\/span><\/p>\n<p><img loading=\"lazy\" decoding=\"async\" class=\"aligncenter wp-image-168 size-full\" src=\"http:\/\/sinergiainteligente.com\/publicaciones\/wp-content\/uploads\/2017\/04\/logoCIAT.jpg\" alt=\"\" width=\"800\" height=\"150\" srcset=\"https:\/\/sinergiainteligente.com\/publicaciones\/wp-content\/uploads\/2017\/04\/logoCIAT.jpg 800w, https:\/\/sinergiainteligente.com\/publicaciones\/wp-content\/uploads\/2017\/04\/logoCIAT-300x56.jpg 300w, https:\/\/sinergiainteligente.com\/publicaciones\/wp-content\/uploads\/2017\/04\/logoCIAT-768x144.jpg 768w\" sizes=\"auto, (max-width: 767px) 89vw, (max-width: 1000px) 54vw, (max-width: 1071px) 543px, 580px\" \/><\/p>\n","protected":false},"excerpt":{"rendered":"<p>1.\u00a0\u00a0\u00a0\u00a0\u00a0\u00a0 Nuevo coeficiente de utilidad que se aplicar\u00e1 en la provisional de marzo, sino hubo siga aplicando la misma que ocup\u00f3 en 2016.\u00a0 2.\u00a0\u00a0\u00a0\u00a0\u00a0\u00a0 Perdida fiscal si hubo, podr\u00e1 aplicarla en marzo.\u00a0 3.\u00a0\u00a0\u00a0\u00a0\u00a0\u00a0 Si hay remanente de p\u00e9rdidas fiscales de a\u00f1os anteriores tambi\u00e9n podr\u00e1 seguirla aplicando.\u00a0<\/p>\n","protected":false},"author":8,"featured_media":0,"comment_status":"open","ping_status":"open","sticky":false,"template":"","format":"standard","meta":{"footnotes":""},"categories":[5],"tags":[],"class_list":["post-167","post","type-post","status-publish","format-standard","hentry","category-contable"],"_links":{"self":[{"href":"https:\/\/sinergiainteligente.com\/publicaciones\/wp-json\/wp\/v2\/posts\/167","targetHints":{"allow":["GET"]}}],"collection":[{"href":"https:\/\/sinergiainteligente.com\/publicaciones\/wp-json\/wp\/v2\/posts"}],"about":[{"href":"https:\/\/sinergiainteligente.com\/publicaciones\/wp-json\/wp\/v2\/types\/post"}],"author":[{"embeddable":true,"href":"https:\/\/sinergiainteligente.com\/publicaciones\/wp-json\/wp\/v2\/users\/8"}],"replies":[{"embeddable":true,"href":"https:\/\/sinergiainteligente.com\/publicaciones\/wp-json\/wp\/v2\/comments?post=167"}],"version-history":[{"count":3,"href":"https:\/\/sinergiainteligente.com\/publicaciones\/wp-json\/wp\/v2\/posts\/167\/revisions"}],"predecessor-version":[{"id":821,"href":"https:\/\/sinergiainteligente.com\/publicaciones\/wp-json\/wp\/v2\/posts\/167\/revisions\/821"}],"wp:attachment":[{"href":"https:\/\/sinergiainteligente.com\/publicaciones\/wp-json\/wp\/v2\/media?parent=167"}],"wp:term":[{"taxonomy":"category","embeddable":true,"href":"https:\/\/sinergiainteligente.com\/publicaciones\/wp-json\/wp\/v2\/categories?post=167"},{"taxonomy":"post_tag","embeddable":true,"href":"https:\/\/sinergiainteligente.com\/publicaciones\/wp-json\/wp\/v2\/tags?post=167"}],"curies":[{"name":"wp","href":"https:\/\/api.w.org\/{rel}","templated":true}]}}